{"id":991,"date":"2024-03-10T22:31:50","date_gmt":"2024-03-10T21:31:50","guid":{"rendered":"https:\/\/newolympicsavate.fr\/?p=991"},"modified":"2024-10-05T19:52:12","modified_gmt":"2024-10-05T17:52:12","slug":"finales-boxe-francaise-region-sud-aura-junior","status":"publish","type":"post","link":"https:\/\/newolympicsavate.fr\/?p=991","title":{"rendered":"Finales boxe fran\u00e7aise R\u00e9gion Sud\/AURA junior"},"content":{"rendered":"\n<p>Medhi, accompagn\u00e9 d&rsquo;\u00c9ric et Julien, a particip\u00e9 ce week-end aux finales des <a href=\"http:\/\/www.liguepacaboxefrancaise.com\/\" data-type=\"link\" data-id=\"http:\/\/www.liguepacaboxefrancaise.com\/\" target=\"_blank\" rel=\"noreferrer noopener\">s\u00e9lections r\u00e9gionales \u00e0 Marseille<\/a> suite \u00e0 sa<a href=\"https:\/\/newolympicsavate.fr\/?p=945\" target=\"_blank\" rel=\"noreferrer noopener\"> qualification fin janvier<\/a> ! <\/p>\n\n\n\n<p>Il poursuit son parcours en remportant sa finale en cat\u00e9gorie benjamin \ud83e\udd4a \ud83e\udd47. Un \u00e9norme bravo pour cette r\u00e9ussite et cette belle \u00e9volution depuis le d\u00e9but de la saison !<\/p>\n\n\n\n<div class=\"wp-block-columns is-layout-flex wp-container-core-columns-is-layout-28f84493 wp-block-columns-is-layout-flex\">\n<div class=\"wp-block-column is-layout-flow wp-block-column-is-layout-flow\">\n<figure class=\"wp-block-image size-large\"><img fetchpriority=\"high\" decoding=\"async\" width=\"768\" height=\"1024\" src=\"https:\/\/newolympicsavate.fr\/wp-content\/uploads\/2024\/03\/finales_AURA_SUD_savate_junior_victoire-768x1024.jpg\" alt=\"\" class=\"wp-image-993\" srcset=\"https:\/\/newolympicsavate.fr\/wp-content\/uploads\/2024\/03\/finales_AURA_SUD_savate_junior_victoire-768x1024.jpg 768w, https:\/\/newolympicsavate.fr\/wp-content\/uploads\/2024\/03\/finales_AURA_SUD_savate_junior_victoire-225x300.jpg 225w, https:\/\/newolympicsavate.fr\/wp-content\/uploads\/2024\/03\/finales_AURA_SUD_savate_junior_victoire-9x12.jpg 9w, https:\/\/newolympicsavate.fr\/wp-content\/uploads\/2024\/03\/finales_AURA_SUD_savate_junior_victoire.jpg 1200w\" sizes=\"(max-width: 768px) 100vw, 768px\" \/><\/figure>\n<\/div>\n\n\n\n<div class=\"wp-block-column is-layout-flow wp-block-column-is-layout-flow\">\n<figure class=\"wp-block-image size-large\"><img decoding=\"async\" width=\"768\" height=\"1024\" src=\"https:\/\/newolympicsavate.fr\/wp-content\/uploads\/2024\/03\/finales_AURA_SUD_savate_junior-768x1024.jpg\" alt=\"\" class=\"wp-image-994\" srcset=\"https:\/\/newolympicsavate.fr\/wp-content\/uploads\/2024\/03\/finales_AURA_SUD_savate_junior-768x1024.jpg 768w, https:\/\/newolympicsavate.fr\/wp-content\/uploads\/2024\/03\/finales_AURA_SUD_savate_junior-225x300.jpg 225w, https:\/\/newolympicsavate.fr\/wp-content\/uploads\/2024\/03\/finales_AURA_SUD_savate_junior-9x12.jpg 9w, https:\/\/newolympicsavate.fr\/wp-content\/uploads\/2024\/03\/finales_AURA_SUD_savate_junior.jpg 1200w\" sizes=\"(max-width: 768px) 100vw, 768px\" \/><\/figure>\n<\/div>\n\n\n\n<div class=\"wp-block-column is-layout-flow wp-block-column-is-layout-flow\">\n<figure class=\"wp-block-image size-large is-resized\"><img decoding=\"async\" width=\"576\" height=\"1024\" src=\"https:\/\/newolympicsavate.fr\/wp-content\/uploads\/2024\/03\/finales_AURA_SUD_savate_junior_echauff-576x1024.jpg\" alt=\"\" class=\"wp-image-992\" style=\"width:274px;height:auto\" srcset=\"https:\/\/newolympicsavate.fr\/wp-content\/uploads\/2024\/03\/finales_AURA_SUD_savate_junior_echauff-576x1024.jpg 576w, https:\/\/newolympicsavate.fr\/wp-content\/uploads\/2024\/03\/finales_AURA_SUD_savate_junior_echauff-169x300.jpg 169w, https:\/\/newolympicsavate.fr\/wp-content\/uploads\/2024\/03\/finales_AURA_SUD_savate_junior_echauff-7x12.jpg 7w, https:\/\/newolympicsavate.fr\/wp-content\/uploads\/2024\/03\/finales_AURA_SUD_savate_junior_echauff.jpg 900w\" sizes=\"(max-width: 576px) 100vw, 576px\" \/><\/figure>\n<\/div>\n<\/div>\n","protected":false},"excerpt":{"rendered":"<p>Medhi, accompagn\u00e9 d&rsquo;\u00c9ric et Julien, a particip\u00e9 ce week-end aux finales des s\u00e9lections r\u00e9gionales \u00e0 Marseille suite \u00e0 sa qualification fin janvier ! Il poursuit son parcours en remportant sa finale en cat\u00e9gorie benjamin \ud83e\udd4a \ud83e\udd47. Un \u00e9norme bravo pour cette r\u00e9ussite et cette belle \u00e9volution depuis le d\u00e9but de la saison !<\/p>\n","protected":false},"author":1,"featured_media":0,"comment_status":"closed","ping_status":"open","sticky":false,"template":"","format":"standard","meta":{"ngg_post_thumbnail":0,"footnotes":""},"categories":[4],"tags":[],"class_list":["post-991","post","type-post","status-publish","format-standard","hentry","category-competitions-nos"],"_links":{"self":[{"href":"https:\/\/newolympicsavate.fr\/index.php?rest_route=\/wp\/v2\/posts\/991","targetHints":{"allow":["GET"]}}],"collection":[{"href":"https:\/\/newolympicsavate.fr\/index.php?rest_route=\/wp\/v2\/posts"}],"about":[{"href":"https:\/\/newolympicsavate.fr\/index.php?rest_route=\/wp\/v2\/types\/post"}],"author":[{"embeddable":true,"href":"https:\/\/newolympicsavate.fr\/index.php?rest_route=\/wp\/v2\/users\/1"}],"replies":[{"embeddable":true,"href":"https:\/\/newolympicsavate.fr\/index.php?rest_route=%2Fwp%2Fv2%2Fcomments&post=991"}],"version-history":[{"count":2,"href":"https:\/\/newolympicsavate.fr\/index.php?rest_route=\/wp\/v2\/posts\/991\/revisions"}],"predecessor-version":[{"id":1085,"href":"https:\/\/newolympicsavate.fr\/index.php?rest_route=\/wp\/v2\/posts\/991\/revisions\/1085"}],"wp:attachment":[{"href":"https:\/\/newolympicsavate.fr\/index.php?rest_route=%2Fwp%2Fv2%2Fmedia&parent=991"}],"wp:term":[{"taxonomy":"category","embeddable":true,"href":"https:\/\/newolympicsavate.fr\/index.php?rest_route=%2Fwp%2Fv2%2Fcategories&post=991"},{"taxonomy":"post_tag","embeddable":true,"href":"https:\/\/newolympicsavate.fr\/index.php?rest_route=%2Fwp%2Fv2%2Ftags&post=991"}],"curies":[{"name":"wp","href":"https:\/\/api.w.org\/{rel}","templated":true}]}}